{"id":91,"date":"2020-06-20T09:54:10","date_gmt":"2020-06-20T09:54:10","guid":{"rendered":"https:\/\/xn--acompaamientoadolescencia-eoc.com\/?p=91"},"modified":"2022-04-18T14:51:31","modified_gmt":"2022-04-18T14:51:31","slug":"sostener-en-el-amor","status":"publish","type":"post","link":"https:\/\/xn--acompaamientoadolescencia-eoc.com\/ca\/sostener-en-el-amor\/","title":{"rendered":"Sostener en el amor"},"content":{"rendered":"<div data-elementor-type=\"wp-post\" data-elementor-id=\"91\" class=\"elementor elementor-91\">\n\t\t\t\t\t\t<div class=\"elementor-inner\">\n\t\t\t\t<div class=\"elementor-section-wrap\">\n\t\t\t\t\t\t\t\t\t<section class=\"elementor-section elementor-top-section elementor-element elementor-element-4a1a98ac elementor-section-boxed elementor-section-height-default elementor-section-height-default\" data-id=\"4a1a98ac\" data-element_type=\"section\">\n\t\t\t\t\t\t<div class=\"elementor-container elementor-column-gap-default\">\n\t\t\t\t\t\t\t<div class=\"elementor-row\">\n\t\t\t\t\t<div class=\"elementor-column elementor-col-100 elementor-top-column elementor-element elementor-element-7f17ccd5\" data-id=\"7f17ccd5\" data-element_type=\"column\">\n\t\t\t<div class=\"elementor-column-wrap elementor-element-populated\">\n\t\t\t\t\t\t\t<div class=\"elementor-widget-wrap\">\n\t\t\t\t\t\t<div class=\"elementor-element elementor-element-3e37269f elementor-widget elementor-widget-text-editor\" data-id=\"3e37269f\" data-element_type=\"widget\" data-widget_type=\"text-editor.default\">\n\t\t\t\t<div class=\"elementor-widget-container\">\n\t\t\t\t\t\t\t\t<div class=\"elementor-text-editor elementor-clearfix\">\n\t\t\t\t<p style=\"text-align: left;\">Etimol\u00f3gicamente, la palabra <span style=\"color: #335c73;\"><strong>educar<\/strong><\/span> procede de dos voces latinas. Por un lado, de <span style=\"color: #003366;\"><em>educare<\/em><\/span> que significa criar, nutrir o alimentar; por otro, de <span style=\"color: #000080;\"><em>educere<\/em><\/span> que equivale a sacar, extraer o llevar de dentro hacia <span style=\"color: #333300;\">fuera.<\/span><\/p><p style=\"text-align: left;\">Esta doble etimolog\u00eda ha dado lugar a dos formas distintas de entender la educaci\u00f3n que no deber\u00edan excluirse sino complementarse. Si se acepta la primera, la educaci\u00f3n es un proceso de alimentaci\u00f3n o nutrici\u00f3n que se ejerce desde fuera; si, en cambio, se adopta la segunda, se trata de una gu\u00eda, de una orientaci\u00f3n de las disposiciones y talentos ya existentes en el sujeto que se educa.<\/p><p style=\"text-align: left;\">Educar va mucho m\u00e1s all\u00e1 del mero hecho de transmitir y dar conocimientos. Se trata de ofrecer, al que aprende, los medios necesarios para que se pueda abrir al mundo y de orientarlo hacia el total desarrollo de sus posibilidades. Educar es guiar o conducir desde la ignorancia al conocimiento, ayudar a sacar, desde el interior hacia el exterior, lo m\u00e1s valioso de cada uno. La finalidad de toda educaci\u00f3n no deber\u00eda ser otra que capacitar a nuestros \u00a0ni\u00f1os y j\u00f3venes para que en un futuro, no muy lejano, puedan vivir una vida plena y con sentido.<\/p><p style=\"text-align: left;\">Pero lo primero que debemos tener claro, como educadores y como padres, es que una educaci\u00f3n sin amor no funciona, es decir, no educa. Un mundo sin la experiencia del amor acaba desembocando en la violencia y la evasi\u00f3n. <span style=\"color: #335c73;\"><strong>Es muy necesario que aprendamos a sostener nuestros ni\u00f1os y j\u00f3venes en el amor<\/strong>,<\/span> sin juzgarlos ni proyectar nada sobre ellos; acompa\u00f1arlos en su proceso de crecimiento pero, al mismo tiempo, tambi\u00e9n sabernos retirar respetuosamente. Debemos saber ver que cada uno de ellos es un camino \u00fanico y reconocer su sabidur\u00eda y luz interior.<\/p><p style=\"text-align: left;\">Como dijo el poeta y m\u00edstico liban\u00e9s <strong><span style=\"color: #335c73;\">khalil Gibran<\/span><\/strong>:<\/p><p style=\"text-align: center;\"><span style=\"color: #335c73;\"><em>\u00abTus hijos no son tus hijos<\/em><\/span><br \/><span style=\"color: #335c73;\"><em>son hijos e hijas de la vida deseosa de s\u00ed misma.<\/em><\/span><\/p><p style=\"text-align: center;\"><span style=\"color: #335c73;\"><em>No vienen de ti, sino a trav\u00e9s de ti\u00a0y aunque est\u00e9n contigo\u00a0no te pertenecen.<\/em><\/span><br \/><span style=\"color: #335c73;\"><em>Puedes darles tu amor,\u00a0pero no tus pensamientos,<\/em><\/span><br \/><span style=\"color: #335c73;\"><em>pues ellos tienen sus propios pensamientos.<\/em><\/span><\/p><p style=\"text-align: center;\"><span style=\"color: #335c73;\"><em>Puedes hospedar sus cuerpos,\u00a0pero no sus almas,<\/em><\/span><br \/><span style=\"color: #335c73;\"><em>porque ellas viven en la casa del ma\u00f1ana,\u00a0que no puedes visitar\u00a0ni siquiera en sue\u00f1os.<\/em><\/span><\/p><p style=\"text-align: center;\"><span style=\"color: #335c73;\"><em>Puedes esforzarte en ser como ellos,\u00a0pero no procures hacerlos semejantes a ti<\/em><\/span><br \/><span style=\"color: #335c73;\"><em>porque la vida no retrocede,\u00a0ni se detiene en el ayer.<\/em><\/span><\/p><p style=\"text-align: center;\"><span style=\"color: #335c73;\"><em>T\u00fa eres el arco del cual tus hijos,\u00a0como flechas vivas, son lanzados (\u2026).<\/em><\/span><br \/><span style=\"color: #335c73;\"><em>Deja que la inclinaci\u00f3n\u00a0en tu mano de arquero\u00a0sea hacia la felicidad\u201d.<\/em><\/span><\/p><p style=\"text-align: left;\">Nuestro papel como madres\/padres o educadores, por dif\u00edcil que nos resulte, no es moldear a nuestros hijos sino hacer cuanto podamos para que ellos puedan desarrollarse sin condicionamientos, sin convertirse en recipientes de nuestros deseos frustrados, ya que, en muchas ocasiones, consciente o inconscientemente, empujamos a nuestros hijos a que vivan la vida que nosotros no pudimos vivir.<\/p><p style=\"text-align: left;\">Lo mejor que podemos ofrecer a nuestros hijos es una<span style=\"color: #335c73;\"><strong> educaci\u00f3n consciente<\/strong><\/span> y esto significa que no vamos a moldearlos sino que vamos a abrirnos a la posibilidad de aprender y crecer con ellos con esta experiencia de ser madres\/padres. La maternidad y la paternidad deben ser, antes que nada, un crecimiento y desarrollo para nuestra persona, solo as\u00ed podremos dar a nuestros hijos lo mejor de nosotros mismos.<\/p><p style=\"text-align: left;\">Cuando educamos a nuestros hijos o alumnos, es importante y necesario que nunca olvidemos que todos nosotros tambi\u00e9n fuimos y somos supervivientes de m\u00e1s de un naufragio.<\/p><p style=\"text-align: left;\"><span style=\"color: #003366;\"><strong>Con este art\u00edculo, te invito a que eduques a tus hijos sosteni\u00e9ndoles en el amor para que puedas ver c\u00f3mo las relaciones cambian.<\/strong><\/span><\/p><p style=\"text-align: left;\"><span style=\"color: #003366;\"><span style=\"color: #335c73;\"><em>Si te ha gustado el contenido, lo encuentras \u00fatil e interesante, te invito a que lo compartas y a que te suscribas al bolet\u00edn de <\/em><\/span><span style=\"color: rgba(38, 97, 117, 0.68);\"><strong>Acompa\u00f1amiento a la Adolescencia<\/strong><\/span><span style=\"color: #335c73;\"><em> si todav\u00eda no lo has hecho.<\/em><\/span><\/span><\/p>\t\t\t\t\t<\/div>\n\t\t\t\t\t\t<\/div>\n\t\t\t\t<\/div>\n\t\t\t\t\t\t<\/div>\n\t\t\t\t\t<\/div>\n\t\t<\/div>\n\t\t\t\t\t\t\t\t<\/div>\n\t\t\t\t\t<\/div>\n\t\t<\/section>\n\t\t\t\t<section class=\"elementor-section elementor-top-section elementor-element elementor-element-783fe132 elementor-section-content-middle elementor-section-boxed elementor-section-height-default elementor-section-height-default\" data-id=\"783fe132\" data-element_type=\"section\" id=\"entrevista\" data-settings=\"{&quot;background_background&quot;:&quot;classic&quot;}\">\n\t\t\t\t\t\t<div class=\"elementor-container elementor-column-gap-default\">\n\t\t\t\t\t\t\t<div class=\"elementor-row\">\n\t\t\t\t\t<div class=\"elementor-column elementor-col-100 elementor-top-column elementor-element elementor-element-e45fcd7\" data-id=\"e45fcd7\" data-element_type=\"column\">\n\t\t\t<div class=\"elementor-column-wrap elementor-element-populated\">\n\t\t\t\t\t\t\t<div class=\"elementor-widget-wrap\">\n\t\t\t\t\t\t<div class=\"elementor-element elementor-element-2e367d73 elementor-button-align-stretch elementor-widget elementor-widget-form\" data-id=\"2e367d73\" data-element_type=\"widget\" data-settings=\"{&quot;step_next_label&quot;:&quot;Next&quot;,&quot;step_previous_label&quot;:&quot;Previous&quot;,&quot;button_width&quot;:&quot;100&quot;,&quot;step_type&quot;:&quot;number_text&quot;,&quot;step_icon_shape&quot;:&quot;circle&quot;}\" data-widget_type=\"form.default\">\n\t\t\t\t<div class=\"elementor-widget-container\">\n\t\t\t\t\t<form class=\"elementor-form\" method=\"post\" name=\"LEAD | Footer\" action=\"\">\n\t\t\t<input type=\"hidden\" name=\"post_id\" value=\"91\"\/>\n\t\t\t<input type=\"hidden\" name=\"form_id\" value=\"2e367d73\"\/>\n\t\t\t<input type=\"hidden\" name=\"referer_title\" value=\"\" \/>\n\n\t\t\t\n\t\t\t<div class=\"elementor-form-fields-wrapper elementor-labels-\">\n\t\t\t\t\t\t\t\t<div class=\"elementor-field-type-text elementor-field-group elementor-column elementor-field-group-nombre elementor-col-50\">\n\t\t\t\t\t\t\t\t\t\t\t\t<label for=\"form-field-nombre\" class=\"elementor-field-label elementor-screen-only\">\n\t\t\t\t\t\t\t\tNombre\t\t\t\t\t\t\t<\/label>\n\t\t\t\t\t\t\t\t\t\t\t\t\t\t<input size=\"1\" type=\"text\" name=\"form_fields[nombre]\" id=\"form-field-nombre\" class=\"elementor-field elementor-size-sm  elementor-field-textual\" placeholder=\"Nombre\">\n\t\t\t\t\t\t\t\t\t\t\t<\/div>\n\t\t\t\t\t\t\t\t<div class=\"elementor-field-type-email elementor-field-group elementor-column elementor-field-group-email elementor-col-50 elementor-field-required\">\n\t\t\t\t\t\t\t\t\t\t\t\t<label for=\"form-field-email\" class=\"elementor-field-label elementor-screen-only\">\n\t\t\t\t\t\t\t\tEmail\t\t\t\t\t\t\t<\/label>\n\t\t\t\t\t\t\t\t\t\t\t\t\t\t<input size=\"1\" type=\"email\" name=\"form_fields[email]\" id=\"form-field-email\" class=\"elementor-field elementor-size-sm  elementor-field-textual\" placeholder=\"Email\" required=\"required\" aria-required=\"true\">\n\t\t\t\t\t\t\t\t\t\t\t<\/div>\n\t\t\t\t\t\t\t\t<div class=\"elementor-field-type-acceptance elementor-field-group elementor-column elementor-field-group-message elementor-col-100 elementor-field-required\">\n\t\t\t\t\t\t\t\t\t\t\t\t<label for=\"form-field-message\" class=\"elementor-field-label elementor-screen-only\">\n\t\t\t\t\t\t\t\tPrivacidad\t\t\t\t\t\t\t<\/label>\n\t\t\t\t\t\t\t\t<div class=\"elementor-field-subgroup\">\n\t\t\t<span class=\"elementor-field-option\">\n\t\t\t\t<input type=\"checkbox\" name=\"form_fields[message]\" id=\"form-field-message\" class=\"elementor-field elementor-size-sm  elementor-acceptance-field\" required=\"required\" aria-required=\"true\">\n\t\t\t\t<label for=\"form-field-message\">He Le\u00eddo y acepto la pol\u00edtica de privacidad<\/label>\t\t\t<\/span>\n\t\t<\/div>\n\t\t\t\t\t\t<\/div>\n\t\t\t\t\t\t\t\t<div class=\"elementor-field-group elementor-column elementor-field-type-submit elementor-col-100 e-form__buttons\">\n\t\t\t\t\t<button type=\"submit\" class=\"elementor-button elementor-size-sm\">\n\t\t\t\t\t\t<span >\n\t\t\t\t\t\t\t\t\t\t\t\t\t\t\t<span class=\"elementor-align-icon-right elementor-button-icon\">\n\t\t\t\t\t\t\t\t\t<i aria-hidden=\"true\" class=\"fas fa-long-arrow-alt-right\"><\/i>\t\t\t\t\t\t\t\t\t\t\t\t\t\t\t\t\t<\/span>\n\t\t\t\t\t\t\t\t\t\t\t\t\t\t\t\t\t\t\t\t\t\t<span class=\"elementor-button-text\">\u00a1suscr\u00edbeme ahora mismo!<\/span>\n\t\t\t\t\t\t\t\t\t\t\t\t\t<\/span>\n\t\t\t\t\t<\/button>\n\t\t\t\t<\/div>\n\t\t\t<\/div>\n\t\t<input type=\"hidden\" name=\"trp-form-language\" value=\"ca\"\/><\/form>\n\t\t\t\t<\/div>\n\t\t\t\t<\/div>\n\t\t\t\t\t\t<\/div>\n\t\t\t\t\t<\/div>\n\t\t<\/div>\n\t\t\t\t\t\t\t\t<\/div>\n\t\t\t\t\t<\/div>\n\t\t<\/section>\n\t\t\t\t\t\t\t\t\t<\/div>\n\t\t\t<\/div>\n\t\t\t\t\t<\/div>","protected":false},"excerpt":{"rendered":"<p>Etimol\u00f3gicamente, la palabra educar procede de dos voces latinas. Por un lado, de educare que significa criar, nutrir o alimentar; por otro, de educere que equivale a sacar, extraer o llevar de dentro hacia fuera. Esta doble etimolog\u00eda ha dado lugar a dos formas distintas de entender la educaci\u00f3n que no deber\u00edan excluirse sino complementarse. [&hellip;]<\/p>","protected":false},"author":2,"featured_media":472,"comment_status":"closed","ping_status":"closed","sticky":false,"template":"","format":"standard","meta":[],"categories":[1],"tags":[],"_links":{"self":[{"href":"https:\/\/xn--acompaamientoadolescencia-eoc.com\/ca\/wp-json\/wp\/v2\/posts\/91"}],"collection":[{"href":"https:\/\/xn--acompaamientoadolescencia-eoc.com\/ca\/wp-json\/wp\/v2\/posts"}],"about":[{"href":"https:\/\/xn--acompaamientoadolescencia-eoc.com\/ca\/wp-json\/wp\/v2\/types\/post"}],"author":[{"embeddable":true,"href":"https:\/\/xn--acompaamientoadolescencia-eoc.com\/ca\/wp-json\/wp\/v2\/users\/2"}],"replies":[{"embeddable":true,"href":"https:\/\/xn--acompaamientoadolescencia-eoc.com\/ca\/wp-json\/wp\/v2\/comments?post=91"}],"version-history":[{"count":5,"href":"https:\/\/xn--acompaamientoadolescencia-eoc.com\/ca\/wp-json\/wp\/v2\/posts\/91\/revisions"}],"predecessor-version":[{"id":1758,"href":"https:\/\/xn--acompaamientoadolescencia-eoc.com\/ca\/wp-json\/wp\/v2\/posts\/91\/revisions\/1758"}],"wp:featuredmedia":[{"embeddable":true,"href":"https:\/\/xn--acompaamientoadolescencia-eoc.com\/ca\/wp-json\/wp\/v2\/media\/472"}],"wp:attachment":[{"href":"https:\/\/xn--acompaamientoadolescencia-eoc.com\/ca\/wp-json\/wp\/v2\/media?parent=91"}],"wp:term":[{"taxonomy":"category","embeddable":true,"href":"https:\/\/xn--acompaamientoadolescencia-eoc.com\/ca\/wp-json\/wp\/v2\/categories?post=91"},{"taxonomy":"post_tag","embeddable":true,"href":"https:\/\/xn--acompaamientoadolescencia-eoc.com\/ca\/wp-json\/wp\/v2\/tags?post=91"}],"curies":[{"name":"wp","href":"https:\/\/api.w.org\/{rel}","templated":true}]}}